{"id":104,"date":"2024-11-10T21:30:00","date_gmt":"2024-11-10T20:30:00","guid":{"rendered":"https:\/\/pipczyk-szczur.pl\/foto\/index.php\/2024\/11\/10\/20\/"},"modified":"2025-03-03T16:38:31","modified_gmt":"2025-03-03T15:38:31","slug":"20","status":"publish","type":"post","link":"https:\/\/fotoratto.pl\/index.php\/2024\/11\/10\/20\/","title":{"rendered":"20."},"content":{"rendered":"<p style=\"text-align: justify;\">\u00a02010, wolontariat. Ludzie \u015bredni, ale wspominam mi\u0142o, bo nie o ludzi tam chodzi\u0142o. Chocia\u017c rozmowy z by\u0142ymi wi\u0119\u017aniami przydarzy\u0142y si\u0119 dopiero w 2013&#8230; :)<\/p>\n<p><img loading=\"lazy\" decoding=\"async\" class=\"alignnone size-full wp-image-223\" src=\"https:\/\/pipczyk-szczur.pl\/foto\/wp-content\/uploads\/31-02.jpeg\" alt=\"\" width=\"480\" height=\"614\" srcset=\"https:\/\/fotoratto.pl\/wp-content\/uploads\/31-02.jpeg 480w, https:\/\/fotoratto.pl\/wp-content\/uploads\/31-02-300x384.jpeg 300w\" sizes=\"auto, (max-width: 480px) 100vw, 480px\" \/><\/p>\n","protected":false},"excerpt":{"rendered":"<p>\u00a02010, wolontariat. Ludzie \u015bredni, ale wspominam mi\u0142o, bo nie o ludzi tam chodzi\u0142o. Chocia\u017c rozmowy z by\u0142ymi wi\u0119\u017aniami przydarzy\u0142y si\u0119 dopiero w 2013&#8230; :)<\/p>\n","protected":false},"author":1,"featured_media":223,"comment_status":"open","ping_status":"open","sticky":false,"template":"","format":"standard","meta":{"footnotes":""},"categories":[65],"tags":[90,91,74,98,75,93,77,92,78,68,79,72,89,70],"class_list":["post-104","post","type-post","status-publish","format-standard","has-post-thumbnail","hentry","category-zdjecia","tag-auschwitz","tag-auschwitz-birkenau","tag-czarnobiale","tag-detal","tag-fotografia","tag-holocaust","tag-miejsca","tag-pamiec","tag-podroze-male-i-duze","tag-polska","tag-wspominki","tag-zabytki","tag-zima","tag-zwiedzamy"],"_links":{"self":[{"href":"https:\/\/fotoratto.pl\/index.php\/wp-json\/wp\/v2\/posts\/104","targetHints":{"allow":["GET"]}}],"collection":[{"href":"https:\/\/fotoratto.pl\/index.php\/wp-json\/wp\/v2\/posts"}],"about":[{"href":"https:\/\/fotoratto.pl\/index.php\/wp-json\/wp\/v2\/types\/post"}],"author":[{"embeddable":true,"href":"https:\/\/fotoratto.pl\/index.php\/wp-json\/wp\/v2\/users\/1"}],"replies":[{"embeddable":true,"href":"https:\/\/fotoratto.pl\/index.php\/wp-json\/wp\/v2\/comments?post=104"}],"version-history":[{"count":1,"href":"https:\/\/fotoratto.pl\/index.php\/wp-json\/wp\/v2\/posts\/104\/revisions"}],"predecessor-version":[{"id":224,"href":"https:\/\/fotoratto.pl\/index.php\/wp-json\/wp\/v2\/posts\/104\/revisions\/224"}],"wp:featuredmedia":[{"embeddable":true,"href":"https:\/\/fotoratto.pl\/index.php\/wp-json\/wp\/v2\/media\/223"}],"wp:attachment":[{"href":"https:\/\/fotoratto.pl\/index.php\/wp-json\/wp\/v2\/media?parent=104"}],"wp:term":[{"taxonomy":"category","embeddable":true,"href":"https:\/\/fotoratto.pl\/index.php\/wp-json\/wp\/v2\/categories?post=104"},{"taxonomy":"post_tag","embeddable":true,"href":"https:\/\/fotoratto.pl\/index.php\/wp-json\/wp\/v2\/tags?post=104"}],"curies":[{"name":"wp","href":"https:\/\/api.w.org\/{rel}","templated":true}]}}