{"id":106,"date":"2024-11-07T12:55:00","date_gmt":"2024-11-07T11:55:00","guid":{"rendered":"https:\/\/pipczyk-szczur.pl\/foto\/index.php\/2024\/11\/07\/18\/"},"modified":"2025-03-03T16:36:39","modified_gmt":"2025-03-03T15:36:39","slug":"18","status":"publish","type":"post","link":"https:\/\/fotoratto.pl\/index.php\/2024\/11\/07\/18\/","title":{"rendered":"18."},"content":{"rendered":"<p>Familoki przesz\u0142y termomodernizacj\u0119 i wygl\u0105daj\u0105 obecnie jak g&#8230; :&#8217;)<\/p>\n<p><img loading=\"lazy\" decoding=\"async\" class=\"alignnone size-medium wp-image-219\" src=\"https:\/\/pipczyk-szczur.pl\/foto\/wp-content\/uploads\/20211213_120250-01-02-01-2250x3000.jpeg\" alt=\"\" width=\"2250\" height=\"3000\" srcset=\"https:\/\/fotoratto.pl\/wp-content\/uploads\/20211213_120250-01-02-01-2250x3000.jpeg 2250w, https:\/\/fotoratto.pl\/wp-content\/uploads\/20211213_120250-01-02-01-1500x2000.jpeg 1500w, https:\/\/fotoratto.pl\/wp-content\/uploads\/20211213_120250-01-02-01-1125x1500.jpeg 1125w, https:\/\/fotoratto.pl\/wp-content\/uploads\/20211213_120250-01-02-01-768x1024.jpeg 768w, https:\/\/fotoratto.pl\/wp-content\/uploads\/20211213_120250-01-02-01-1152x1536.jpeg 1152w, https:\/\/fotoratto.pl\/wp-content\/uploads\/20211213_120250-01-02-01-1536x2048.jpeg 1536w, https:\/\/fotoratto.pl\/wp-content\/uploads\/20211213_120250-01-02-01-300x400.jpeg 300w, https:\/\/fotoratto.pl\/wp-content\/uploads\/20211213_120250-01-02-01-850x1133.jpeg 850w, https:\/\/fotoratto.pl\/wp-content\/uploads\/20211213_120250-01-02-01-scaled.jpeg 1920w\" sizes=\"auto, (max-width: 2250px) 100vw, 2250px\" \/><\/p>\n","protected":false},"excerpt":{"rendered":"<p>Familoki przesz\u0142y termomodernizacj\u0119 i wygl\u0105daj\u0105 obecnie jak g&#8230; :&#8217;)<\/p>\n","protected":false},"author":1,"featured_media":219,"comment_status":"open","ping_status":"open","sticky":false,"template":"","format":"standard","meta":{"footnotes":""},"categories":[65],"tags":[103,74,110,75,85,82,87,77,92,78,109,79,86,89],"class_list":["post-106","post","type-post","status-publish","format-standard","has-post-thumbnail","hentry","category-zdjecia","tag-codziennosc","tag-czarnobiale","tag-familoki","tag-fotografia","tag-gorny-slask","tag-juz-nieistniejace","tag-miasto","tag-miejsca","tag-pamiec","tag-podroze-male-i-duze","tag-syf","tag-wspominki","tag-zabrze","tag-zima"],"_links":{"self":[{"href":"https:\/\/fotoratto.pl\/index.php\/wp-json\/wp\/v2\/posts\/106","targetHints":{"allow":["GET"]}}],"collection":[{"href":"https:\/\/fotoratto.pl\/index.php\/wp-json\/wp\/v2\/posts"}],"about":[{"href":"https:\/\/fotoratto.pl\/index.php\/wp-json\/wp\/v2\/types\/post"}],"author":[{"embeddable":true,"href":"https:\/\/fotoratto.pl\/index.php\/wp-json\/wp\/v2\/users\/1"}],"replies":[{"embeddable":true,"href":"https:\/\/fotoratto.pl\/index.php\/wp-json\/wp\/v2\/comments?post=106"}],"version-history":[{"count":2,"href":"https:\/\/fotoratto.pl\/index.php\/wp-json\/wp\/v2\/posts\/106\/revisions"}],"predecessor-version":[{"id":260,"href":"https:\/\/fotoratto.pl\/index.php\/wp-json\/wp\/v2\/posts\/106\/revisions\/260"}],"wp:featuredmedia":[{"embeddable":true,"href":"https:\/\/fotoratto.pl\/index.php\/wp-json\/wp\/v2\/media\/219"}],"wp:attachment":[{"href":"https:\/\/fotoratto.pl\/index.php\/wp-json\/wp\/v2\/media?parent=106"}],"wp:term":[{"taxonomy":"category","embeddable":true,"href":"https:\/\/fotoratto.pl\/index.php\/wp-json\/wp\/v2\/categories?post=106"},{"taxonomy":"post_tag","embeddable":true,"href":"https:\/\/fotoratto.pl\/index.php\/wp-json\/wp\/v2\/tags?post=106"}],"curies":[{"name":"wp","href":"https:\/\/api.w.org\/{rel}","templated":true}]}}