{"id":112,"date":"2024-10-30T18:41:00","date_gmt":"2024-10-30T17:41:00","guid":{"rendered":"https:\/\/pipczyk-szczur.pl\/foto\/index.php\/2024\/10\/30\/12\/"},"modified":"2025-03-03T16:31:35","modified_gmt":"2025-03-03T15:31:35","slug":"12","status":"publish","type":"post","link":"https:\/\/fotoratto.pl\/index.php\/2024\/10\/30\/12\/","title":{"rendered":"12."},"content":{"rendered":"<p style=\"text-align: justify;\">2007, szkolny plener w Ba\u0144skiej Szczawnicy na S\u0142owacji.<\/p>\n<p style=\"text-align: justify;\">S\u0142abe czasy, s\u0142aba psycha, plac\u00f3wka edukacyjna fatalna i szoruj\u0105ca brzuchem po dnie (szko\u0142a policealna, dla ciekawskich), skill artystyczny s\u0142aby&#8230; Ale miejsc\u00f3wka fajna i zachowa\u0142o si\u0119 kilka fajnych zdj\u0119\u0107 na pami\u0105tk\u0119. :)<\/p>\n<p style=\"text-align: justify;\">Czasem my\u015bl\u0119, \u017ceby pojecha\u0107 tam z moim facetem, po tych 15 latach jako inny cz\u0142owiek w innych okoliczno\u015bciach.<\/p>\n<p><img loading=\"lazy\" decoding=\"async\" class=\"alignnone size-full wp-image-204\" src=\"https:\/\/pipczyk-szczur.pl\/foto\/wp-content\/uploads\/banska2-01.jpeg\" alt=\"\" width=\"480\" height=\"640\" srcset=\"https:\/\/fotoratto.pl\/wp-content\/uploads\/banska2-01.jpeg 480w, https:\/\/fotoratto.pl\/wp-content\/uploads\/banska2-01-300x400.jpeg 300w\" sizes=\"auto, (max-width: 480px) 100vw, 480px\" \/><\/p>\n","protected":false},"excerpt":{"rendered":"<p>2007, szkolny plener w Ba\u0144skiej Szczawnicy na S\u0142owacji. S\u0142abe czasy, s\u0142aba psycha, plac\u00f3wka edukacyjna fatalna i szoruj\u0105ca brzuchem po dnie (szko\u0142a policealna, dla ciekawskich), skill artystyczny s\u0142aby&#8230; Ale miejsc\u00f3wka fajna i zachowa\u0142o si\u0119 kilka fajnych zdj\u0119\u0107 na pami\u0105tk\u0119. :) Czasem my\u015bl\u0119, \u017ceby pojecha\u0107 tam z moim facetem, po tych 15 latach jako inny cz\u0142owiek w&#8230;<\/p>\n","protected":false},"author":1,"featured_media":204,"comment_status":"open","ping_status":"open","sticky":false,"template":"","format":"standard","meta":{"footnotes":""},"categories":[65],"tags":[101,74,75,102,87,77,92,78,100,79,72,70],"class_list":["post-112","post","type-post","status-publish","format-standard","has-post-thumbnail","hentry","category-zdjecia","tag-banska-szczawnica","tag-czarnobiale","tag-fotografia","tag-jesien","tag-miasto","tag-miejsca","tag-pamiec","tag-podroze-male-i-duze","tag-slowacja","tag-wspominki","tag-zabytki","tag-zwiedzamy"],"_links":{"self":[{"href":"https:\/\/fotoratto.pl\/index.php\/wp-json\/wp\/v2\/posts\/112","targetHints":{"allow":["GET"]}}],"collection":[{"href":"https:\/\/fotoratto.pl\/index.php\/wp-json\/wp\/v2\/posts"}],"about":[{"href":"https:\/\/fotoratto.pl\/index.php\/wp-json\/wp\/v2\/types\/post"}],"author":[{"embeddable":true,"href":"https:\/\/fotoratto.pl\/index.php\/wp-json\/wp\/v2\/users\/1"}],"replies":[{"embeddable":true,"href":"https:\/\/fotoratto.pl\/index.php\/wp-json\/wp\/v2\/comments?post=112"}],"version-history":[{"count":2,"href":"https:\/\/fotoratto.pl\/index.php\/wp-json\/wp\/v2\/posts\/112\/revisions"}],"predecessor-version":[{"id":259,"href":"https:\/\/fotoratto.pl\/index.php\/wp-json\/wp\/v2\/posts\/112\/revisions\/259"}],"wp:featuredmedia":[{"embeddable":true,"href":"https:\/\/fotoratto.pl\/index.php\/wp-json\/wp\/v2\/media\/204"}],"wp:attachment":[{"href":"https:\/\/fotoratto.pl\/index.php\/wp-json\/wp\/v2\/media?parent=112"}],"wp:term":[{"taxonomy":"category","embeddable":true,"href":"https:\/\/fotoratto.pl\/index.php\/wp-json\/wp\/v2\/categories?post=112"},{"taxonomy":"post_tag","embeddable":true,"href":"https:\/\/fotoratto.pl\/index.php\/wp-json\/wp\/v2\/tags?post=112"}],"curies":[{"name":"wp","href":"https:\/\/api.w.org\/{rel}","templated":true}]}}