{"id":115,"date":"2024-10-26T22:20:00","date_gmt":"2024-10-26T20:20:00","guid":{"rendered":"https:\/\/pipczyk-szczur.pl\/foto\/index.php\/2024\/10\/26\/09\/"},"modified":"2025-03-03T16:29:05","modified_gmt":"2025-03-03T15:29:05","slug":"09","status":"publish","type":"post","link":"https:\/\/fotoratto.pl\/index.php\/2024\/10\/26\/09\/","title":{"rendered":"09."},"content":{"rendered":"<p>Kiedy\u015b by\u0142o mi smutno, \u017ce tamte czasy ju\u017c nigdy nie wr\u00f3c\u0105&#8230; A teraz ciesz\u0119 si\u0119, \u017ce to ju\u017c przesz\u0142o\u015b\u0107.<\/p>\n<p><i>I didn\u2019t know there were empty places in my heart until you came and filled them up<\/i> &#8211; Jane Lee Logan<\/p>\n<p><img loading=\"lazy\" decoding=\"async\" class=\"alignnone size-full wp-image-196\" src=\"https:\/\/pipczyk-szczur.pl\/foto\/wp-content\/uploads\/mil16w-01.jpeg\" alt=\"\" width=\"800\" height=\"579\" srcset=\"https:\/\/fotoratto.pl\/wp-content\/uploads\/mil16w-01.jpeg 800w, https:\/\/fotoratto.pl\/wp-content\/uploads\/mil16w-01-768x556.jpeg 768w, https:\/\/fotoratto.pl\/wp-content\/uploads\/mil16w-01-300x217.jpeg 300w\" sizes=\"auto, (max-width: 800px) 100vw, 800px\" \/><\/p>\n","protected":false},"excerpt":{"rendered":"<p>Kiedy\u015b by\u0142o mi smutno, \u017ce tamte czasy ju\u017c nigdy nie wr\u00f3c\u0105&#8230; A teraz ciesz\u0119 si\u0119, \u017ce to ju\u017c przesz\u0142o\u015b\u0107. I didn\u2019t know there were empty places in my heart until you came and filled them up &#8211; Jane Lee Logan<\/p>\n","protected":false},"author":1,"featured_media":196,"comment_status":"open","ping_status":"open","sticky":false,"template":"","format":"standard","meta":{"footnotes":""},"categories":[65],"tags":[67,75,76,83,73,77,66,99,92,78,69,79,88,70],"class_list":["post-115","post","type-post","status-publish","format-standard","has-post-thumbnail","hentry","category-zdjecia","tag-beskidy","tag-fotografia","tag-gory","tag-kolorowe","tag-lato","tag-miejsca","tag-milowka","tag-niebo","tag-pamiec","tag-podroze-male-i-duze","tag-wakacje","tag-wspominki","tag-zachod-slonca","tag-zwiedzamy"],"_links":{"self":[{"href":"https:\/\/fotoratto.pl\/index.php\/wp-json\/wp\/v2\/posts\/115","targetHints":{"allow":["GET"]}}],"collection":[{"href":"https:\/\/fotoratto.pl\/index.php\/wp-json\/wp\/v2\/posts"}],"about":[{"href":"https:\/\/fotoratto.pl\/index.php\/wp-json\/wp\/v2\/types\/post"}],"author":[{"embeddable":true,"href":"https:\/\/fotoratto.pl\/index.php\/wp-json\/wp\/v2\/users\/1"}],"replies":[{"embeddable":true,"href":"https:\/\/fotoratto.pl\/index.php\/wp-json\/wp\/v2\/comments?post=115"}],"version-history":[{"count":2,"href":"https:\/\/fotoratto.pl\/index.php\/wp-json\/wp\/v2\/posts\/115\/revisions"}],"predecessor-version":[{"id":258,"href":"https:\/\/fotoratto.pl\/index.php\/wp-json\/wp\/v2\/posts\/115\/revisions\/258"}],"wp:featuredmedia":[{"embeddable":true,"href":"https:\/\/fotoratto.pl\/index.php\/wp-json\/wp\/v2\/media\/196"}],"wp:attachment":[{"href":"https:\/\/fotoratto.pl\/index.php\/wp-json\/wp\/v2\/media?parent=115"}],"wp:term":[{"taxonomy":"category","embeddable":true,"href":"https:\/\/fotoratto.pl\/index.php\/wp-json\/wp\/v2\/categories?post=115"},{"taxonomy":"post_tag","embeddable":true,"href":"https:\/\/fotoratto.pl\/index.php\/wp-json\/wp\/v2\/tags?post=115"}],"curies":[{"name":"wp","href":"https:\/\/api.w.org\/{rel}","templated":true}]}}