{"id":119,"date":"2024-10-12T12:03:00","date_gmt":"2024-10-12T10:03:00","guid":{"rendered":"https:\/\/pipczyk-szczur.pl\/foto\/index.php\/2024\/10\/12\/05\/"},"modified":"2025-03-03T16:26:13","modified_gmt":"2025-03-03T15:26:13","slug":"05","status":"publish","type":"post","link":"https:\/\/fotoratto.pl\/index.php\/2024\/10\/12\/05\/","title":{"rendered":"05."},"content":{"rendered":"<p><i>\u00a0Pami\u0119tam, \u017ce to wtedy by\u0142 nasz jedyny dom<\/i><\/p>\n<p>~Kartky<\/p>\n<p><img loading=\"lazy\" decoding=\"async\" class=\"size-full wp-image-188\" src=\"https:\/\/pipczyk-szczur.pl\/foto\/wp-content\/uploads\/P1190287-01.jpeg\" alt=\"\" width=\"1024\" height=\"768\" srcset=\"https:\/\/fotoratto.pl\/wp-content\/uploads\/P1190287-01.jpeg 1024w, https:\/\/fotoratto.pl\/wp-content\/uploads\/P1190287-01-768x576.jpeg 768w, https:\/\/fotoratto.pl\/wp-content\/uploads\/P1190287-01-300x225.jpeg 300w, https:\/\/fotoratto.pl\/wp-content\/uploads\/P1190287-01-850x638.jpeg 850w\" sizes=\"auto, (max-width: 1024px) 100vw, 1024px\" \/><\/p>\n","protected":false},"excerpt":{"rendered":"<p>\u00a0Pami\u0119tam, \u017ce to wtedy by\u0142 nasz jedyny dom ~Kartky<\/p>\n","protected":false},"author":1,"featured_media":188,"comment_status":"open","ping_status":"open","sticky":false,"template":"","format":"standard","meta":{"footnotes":""},"categories":[65],"tags":[90,91,74,75,93,77,92,78,68,79,72,89,70],"class_list":["post-119","post","type-post","status-publish","format-standard","has-post-thumbnail","hentry","category-zdjecia","tag-auschwitz","tag-auschwitz-birkenau","tag-czarnobiale","tag-fotografia","tag-holocaust","tag-miejsca","tag-pamiec","tag-podroze-male-i-duze","tag-polska","tag-wspominki","tag-zabytki","tag-zima","tag-zwiedzamy"],"_links":{"self":[{"href":"https:\/\/fotoratto.pl\/index.php\/wp-json\/wp\/v2\/posts\/119","targetHints":{"allow":["GET"]}}],"collection":[{"href":"https:\/\/fotoratto.pl\/index.php\/wp-json\/wp\/v2\/posts"}],"about":[{"href":"https:\/\/fotoratto.pl\/index.php\/wp-json\/wp\/v2\/types\/post"}],"author":[{"embeddable":true,"href":"https:\/\/fotoratto.pl\/index.php\/wp-json\/wp\/v2\/users\/1"}],"replies":[{"embeddable":true,"href":"https:\/\/fotoratto.pl\/index.php\/wp-json\/wp\/v2\/comments?post=119"}],"version-history":[{"count":2,"href":"https:\/\/fotoratto.pl\/index.php\/wp-json\/wp\/v2\/posts\/119\/revisions"}],"predecessor-version":[{"id":255,"href":"https:\/\/fotoratto.pl\/index.php\/wp-json\/wp\/v2\/posts\/119\/revisions\/255"}],"wp:featuredmedia":[{"embeddable":true,"href":"https:\/\/fotoratto.pl\/index.php\/wp-json\/wp\/v2\/media\/188"}],"wp:attachment":[{"href":"https:\/\/fotoratto.pl\/index.php\/wp-json\/wp\/v2\/media?parent=119"}],"wp:term":[{"taxonomy":"category","embeddable":true,"href":"https:\/\/fotoratto.pl\/index.php\/wp-json\/wp\/v2\/categories?post=119"},{"taxonomy":"post_tag","embeddable":true,"href":"https:\/\/fotoratto.pl\/index.php\/wp-json\/wp\/v2\/tags?post=119"}],"curies":[{"name":"wp","href":"https:\/\/api.w.org\/{rel}","templated":true}]}}