{"id":517,"date":"2025-07-17T14:03:56","date_gmt":"2025-07-17T12:03:56","guid":{"rendered":"https:\/\/pipczyk-szczur.pl\/foto\/?p=517"},"modified":"2025-07-17T14:08:17","modified_gmt":"2025-07-17T12:08:17","slug":"116","status":"publish","type":"post","link":"https:\/\/fotoratto.pl\/index.php\/2025\/07\/17\/116\/","title":{"rendered":"116."},"content":{"rendered":"<p><img loading=\"lazy\" decoding=\"async\" class=\"alignnone size-medium wp-image-518\" src=\"https:\/\/pipczyk-szczur.pl\/foto\/wp-content\/uploads\/1000032479-2000x3000.jpg\" alt=\"\" width=\"2000\" height=\"3000\" srcset=\"https:\/\/fotoratto.pl\/wp-content\/uploads\/1000032479-2000x3000.jpg 2000w, https:\/\/fotoratto.pl\/wp-content\/uploads\/1000032479-1333x2000.jpg 1333w, https:\/\/fotoratto.pl\/wp-content\/uploads\/1000032479-1000x1500.jpg 1000w, https:\/\/fotoratto.pl\/wp-content\/uploads\/1000032479-768x1152.jpg 768w, https:\/\/fotoratto.pl\/wp-content\/uploads\/1000032479-1024x1536.jpg 1024w, https:\/\/fotoratto.pl\/wp-content\/uploads\/1000032479-1365x2048.jpg 1365w, https:\/\/fotoratto.pl\/wp-content\/uploads\/1000032479-300x450.jpg 300w, https:\/\/fotoratto.pl\/wp-content\/uploads\/1000032479-850x1275.jpg 850w, https:\/\/fotoratto.pl\/wp-content\/uploads\/1000032479-scaled.jpg 1707w\" sizes=\"auto, (max-width: 2000px) 100vw, 2000px\" \/><a id=\"remove-post-thumbnail\" href=\"https:\/\/pipczyk-szczur.pl\/foto\/wp-admin\/post.php?post=517&amp;action=edit#\">Usu\u0144 obrazek wyr\u00f3\u017cniaj\u0105cy<\/a><\/p>\n","protected":false},"excerpt":{"rendered":"<p>Usu\u0144 obrazek wyr\u00f3\u017cniaj\u0105cy<\/p>\n","protected":false},"author":1,"featured_media":518,"comment_status":"open","ping_status":"open","sticky":false,"template":"","format":"standard","meta":{"footnotes":""},"categories":[65],"tags":[103,74,75,85,77,92,78,118,96,79,86,89],"class_list":["post-517","post","type-post","status-publish","format-standard","has-post-thumbnail","hentry","category-zdjecia","tag-codziennosc","tag-czarnobiale","tag-fotografia","tag-gorny-slask","tag-miejsca","tag-pamiec","tag-podroze-male-i-duze","tag-przyroda","tag-sztuka","tag-wspominki","tag-zabrze","tag-zima"],"_links":{"self":[{"href":"https:\/\/fotoratto.pl\/index.php\/wp-json\/wp\/v2\/posts\/517","targetHints":{"allow":["GET"]}}],"collection":[{"href":"https:\/\/fotoratto.pl\/index.php\/wp-json\/wp\/v2\/posts"}],"about":[{"href":"https:\/\/fotoratto.pl\/index.php\/wp-json\/wp\/v2\/types\/post"}],"author":[{"embeddable":true,"href":"https:\/\/fotoratto.pl\/index.php\/wp-json\/wp\/v2\/users\/1"}],"replies":[{"embeddable":true,"href":"https:\/\/fotoratto.pl\/index.php\/wp-json\/wp\/v2\/comments?post=517"}],"version-history":[{"count":2,"href":"https:\/\/fotoratto.pl\/index.php\/wp-json\/wp\/v2\/posts\/517\/revisions"}],"predecessor-version":[{"id":520,"href":"https:\/\/fotoratto.pl\/index.php\/wp-json\/wp\/v2\/posts\/517\/revisions\/520"}],"wp:featuredmedia":[{"embeddable":true,"href":"https:\/\/fotoratto.pl\/index.php\/wp-json\/wp\/v2\/media\/518"}],"wp:attachment":[{"href":"https:\/\/fotoratto.pl\/index.php\/wp-json\/wp\/v2\/media?parent=517"}],"wp:term":[{"taxonomy":"category","embeddable":true,"href":"https:\/\/fotoratto.pl\/index.php\/wp-json\/wp\/v2\/categories?post=517"},{"taxonomy":"post_tag","embeddable":true,"href":"https:\/\/fotoratto.pl\/index.php\/wp-json\/wp\/v2\/tags?post=517"}],"curies":[{"name":"wp","href":"https:\/\/api.w.org\/{rel}","templated":true}]}}