{"id":71,"date":"2025-01-15T23:50:00","date_gmt":"2025-01-15T22:50:00","guid":{"rendered":"https:\/\/pipczyk-szczur.pl\/foto\/index.php\/2025\/01\/15\/53\/"},"modified":"2025-03-15T18:45:09","modified_gmt":"2025-03-15T17:45:09","slug":"53","status":"publish","type":"post","link":"https:\/\/fotoratto.pl\/index.php\/2025\/01\/15\/53\/","title":{"rendered":"53."},"content":{"rendered":"<p>2007. Tamten czas mia\u0142 pewien urok&#8230; Ale ciesz\u0119 si\u0119, \u017ce to ju\u017c odleg\u0142a przesz\u0142o\u015b\u0107.<\/p>\n<p><img loading=\"lazy\" decoding=\"async\" class=\"alignnone size-full wp-image-314\" src=\"https:\/\/pipczyk-szczur.pl\/foto\/wp-content\/uploads\/1000005044-01.jpeg\" alt=\"\" width=\"693\" height=\"973\" srcset=\"https:\/\/fotoratto.pl\/wp-content\/uploads\/1000005044-01.jpeg 693w, https:\/\/fotoratto.pl\/wp-content\/uploads\/1000005044-01-300x421.jpeg 300w\" sizes=\"auto, (max-width: 693px) 100vw, 693px\" \/><\/p>\n","protected":false},"excerpt":{"rendered":"<p>2007. Tamten czas mia\u0142 pewien urok&#8230; Ale ciesz\u0119 si\u0119, \u017ce to ju\u017c odleg\u0142a przesz\u0142o\u015b\u0107.<\/p>\n","protected":false},"author":1,"featured_media":314,"comment_status":"open","ping_status":"open","sticky":false,"template":"","format":"standard","meta":{"footnotes":""},"categories":[65],"tags":[75,85,82,83,73,77,99,92,80,78,109,69,79,86,88],"class_list":["post-71","post","type-post","status-publish","format-standard","has-post-thumbnail","hentry","category-zdjecia","tag-fotografia","tag-gorny-slask","tag-juz-nieistniejace","tag-kolorowe","tag-lato","tag-miejsca","tag-niebo","tag-pamiec","tag-pkp","tag-podroze-male-i-duze","tag-syf","tag-wakacje","tag-wspominki","tag-zabrze","tag-zachod-slonca"],"_links":{"self":[{"href":"https:\/\/fotoratto.pl\/index.php\/wp-json\/wp\/v2\/posts\/71","targetHints":{"allow":["GET"]}}],"collection":[{"href":"https:\/\/fotoratto.pl\/index.php\/wp-json\/wp\/v2\/posts"}],"about":[{"href":"https:\/\/fotoratto.pl\/index.php\/wp-json\/wp\/v2\/types\/post"}],"author":[{"embeddable":true,"href":"https:\/\/fotoratto.pl\/index.php\/wp-json\/wp\/v2\/users\/1"}],"replies":[{"embeddable":true,"href":"https:\/\/fotoratto.pl\/index.php\/wp-json\/wp\/v2\/comments?post=71"}],"version-history":[{"count":2,"href":"https:\/\/fotoratto.pl\/index.php\/wp-json\/wp\/v2\/posts\/71\/revisions"}],"predecessor-version":[{"id":406,"href":"https:\/\/fotoratto.pl\/index.php\/wp-json\/wp\/v2\/posts\/71\/revisions\/406"}],"wp:featuredmedia":[{"embeddable":true,"href":"https:\/\/fotoratto.pl\/index.php\/wp-json\/wp\/v2\/media\/314"}],"wp:attachment":[{"href":"https:\/\/fotoratto.pl\/index.php\/wp-json\/wp\/v2\/media?parent=71"}],"wp:term":[{"taxonomy":"category","embeddable":true,"href":"https:\/\/fotoratto.pl\/index.php\/wp-json\/wp\/v2\/categories?post=71"},{"taxonomy":"post_tag","embeddable":true,"href":"https:\/\/fotoratto.pl\/index.php\/wp-json\/wp\/v2\/tags?post=71"}],"curies":[{"name":"wp","href":"https:\/\/api.w.org\/{rel}","templated":true}]}}