{"id":78,"date":"2025-01-06T17:13:00","date_gmt":"2025-01-06T16:13:00","guid":{"rendered":"https:\/\/pipczyk-szczur.pl\/foto\/index.php\/2025\/01\/06\/46\/"},"modified":"2025-03-15T18:25:34","modified_gmt":"2025-03-15T17:25:34","slug":"46","status":"publish","type":"post","link":"https:\/\/fotoratto.pl\/index.php\/2025\/01\/06\/46\/","title":{"rendered":"46."},"content":{"rendered":"<p>Turpizm dnia codziennego. Dobrze, \u017ce tych czas\u00f3w ju\u017c nie ma.<br \/>\n<img loading=\"lazy\" decoding=\"async\" class=\"alignnone size-medium wp-image-299\" src=\"https:\/\/pipczyk-szczur.pl\/foto\/wp-content\/uploads\/20210218_160452-02-1-01-01-2250x3000.jpeg\" alt=\"\" width=\"2250\" height=\"3000\" srcset=\"https:\/\/fotoratto.pl\/wp-content\/uploads\/20210218_160452-02-1-01-01-2250x3000.jpeg 2250w, https:\/\/fotoratto.pl\/wp-content\/uploads\/20210218_160452-02-1-01-01-1500x2000.jpeg 1500w, https:\/\/fotoratto.pl\/wp-content\/uploads\/20210218_160452-02-1-01-01-1125x1500.jpeg 1125w, https:\/\/fotoratto.pl\/wp-content\/uploads\/20210218_160452-02-1-01-01-768x1024.jpeg 768w, https:\/\/fotoratto.pl\/wp-content\/uploads\/20210218_160452-02-1-01-01-1152x1536.jpeg 1152w, https:\/\/fotoratto.pl\/wp-content\/uploads\/20210218_160452-02-1-01-01-1536x2048.jpeg 1536w, https:\/\/fotoratto.pl\/wp-content\/uploads\/20210218_160452-02-1-01-01-300x400.jpeg 300w, https:\/\/fotoratto.pl\/wp-content\/uploads\/20210218_160452-02-1-01-01-850x1133.jpeg 850w, https:\/\/fotoratto.pl\/wp-content\/uploads\/20210218_160452-02-1-01-01-scaled.jpeg 1920w\" sizes=\"auto, (max-width: 2250px) 100vw, 2250px\" \/><\/p>\n","protected":false},"excerpt":{"rendered":"<p>Turpizm dnia codziennego. Dobrze, \u017ce tych czas\u00f3w ju\u017c nie ma.<\/p>\n","protected":false},"author":1,"featured_media":299,"comment_status":"open","ping_status":"open","sticky":false,"template":"","format":"standard","meta":{"footnotes":""},"categories":[65],"tags":[103,74,75,85,87,77,92,78,68,109,79,86,89],"class_list":["post-78","post","type-post","status-publish","format-standard","has-post-thumbnail","hentry","category-zdjecia","tag-codziennosc","tag-czarnobiale","tag-fotografia","tag-gorny-slask","tag-miasto","tag-miejsca","tag-pamiec","tag-podroze-male-i-duze","tag-polska","tag-syf","tag-wspominki","tag-zabrze","tag-zima"],"_links":{"self":[{"href":"https:\/\/fotoratto.pl\/index.php\/wp-json\/wp\/v2\/posts\/78","targetHints":{"allow":["GET"]}}],"collection":[{"href":"https:\/\/fotoratto.pl\/index.php\/wp-json\/wp\/v2\/posts"}],"about":[{"href":"https:\/\/fotoratto.pl\/index.php\/wp-json\/wp\/v2\/types\/post"}],"author":[{"embeddable":true,"href":"https:\/\/fotoratto.pl\/index.php\/wp-json\/wp\/v2\/users\/1"}],"replies":[{"embeddable":true,"href":"https:\/\/fotoratto.pl\/index.php\/wp-json\/wp\/v2\/comments?post=78"}],"version-history":[{"count":3,"href":"https:\/\/fotoratto.pl\/index.php\/wp-json\/wp\/v2\/posts\/78\/revisions"}],"predecessor-version":[{"id":400,"href":"https:\/\/fotoratto.pl\/index.php\/wp-json\/wp\/v2\/posts\/78\/revisions\/400"}],"wp:featuredmedia":[{"embeddable":true,"href":"https:\/\/fotoratto.pl\/index.php\/wp-json\/wp\/v2\/media\/299"}],"wp:attachment":[{"href":"https:\/\/fotoratto.pl\/index.php\/wp-json\/wp\/v2\/media?parent=78"}],"wp:term":[{"taxonomy":"category","embeddable":true,"href":"https:\/\/fotoratto.pl\/index.php\/wp-json\/wp\/v2\/categories?post=78"},{"taxonomy":"post_tag","embeddable":true,"href":"https:\/\/fotoratto.pl\/index.php\/wp-json\/wp\/v2\/tags?post=78"}],"curies":[{"name":"wp","href":"https:\/\/api.w.org\/{rel}","templated":true}]}}