{"id":799,"date":"2026-04-03T18:43:45","date_gmt":"2026-04-03T16:43:45","guid":{"rendered":"https:\/\/pipczyk-szczur.pl\/foto\/?p=799"},"modified":"2026-04-03T18:43:45","modified_gmt":"2026-04-03T16:43:45","slug":"182","status":"publish","type":"post","link":"https:\/\/fotoratto.pl\/index.php\/2026\/04\/03\/182\/","title":{"rendered":"182."},"content":{"rendered":"<p>Mia\u0142a by\u0107 zwyk\u0142a spacerowa fotka do prywatnego albumu, a niechc\u0105cy poruszy\u0142am wa\u017cny temat spo\u0142eczny (alkoholizm w Polsce) i powsta\u0142a \u0105\u0119 sztuka wysoka&#8230;<\/p>\n<p><img loading=\"lazy\" decoding=\"async\" class=\"alignnone size-full wp-image-800\" src=\"https:\/\/pipczyk-szczur.pl\/foto\/wp-content\/uploads\/3663-scaled.jpg\" alt=\"\" width=\"1920\" height=\"2560\" srcset=\"https:\/\/fotoratto.pl\/wp-content\/uploads\/3663-scaled.jpg 1920w, https:\/\/fotoratto.pl\/wp-content\/uploads\/3663-1500x2000.jpg 1500w, https:\/\/fotoratto.pl\/wp-content\/uploads\/3663-1125x1500.jpg 1125w, https:\/\/fotoratto.pl\/wp-content\/uploads\/3663-768x1024.jpg 768w, https:\/\/fotoratto.pl\/wp-content\/uploads\/3663-1152x1536.jpg 1152w, https:\/\/fotoratto.pl\/wp-content\/uploads\/3663-1536x2048.jpg 1536w, https:\/\/fotoratto.pl\/wp-content\/uploads\/3663-300x400.jpg 300w, https:\/\/fotoratto.pl\/wp-content\/uploads\/3663-850x1133.jpg 850w\" sizes=\"auto, (max-width: 1920px) 100vw, 1920px\" \/><\/p>\n","protected":false},"excerpt":{"rendered":"<p>Mia\u0142a by\u0107 zwyk\u0142a spacerowa fotka do prywatnego albumu, a niechc\u0105cy poruszy\u0142am wa\u017cny temat spo\u0142eczny (alkoholizm w Polsce) i powsta\u0142a \u0105\u0119 sztuka wysoka&#8230;<\/p>\n","protected":false},"author":1,"featured_media":800,"comment_status":"open","ping_status":"open","sticky":false,"template":"","format":"standard","meta":{"footnotes":""},"categories":[65],"tags":[103,74,75,87,77,78,68,109,96,113,79],"class_list":["post-799","post","type-post","status-publish","format-standard","has-post-thumbnail","hentry","category-zdjecia","tag-codziennosc","tag-czarnobiale","tag-fotografia","tag-miasto","tag-miejsca","tag-podroze-male-i-duze","tag-polska","tag-syf","tag-sztuka","tag-wiosna","tag-wspominki"],"_links":{"self":[{"href":"https:\/\/fotoratto.pl\/index.php\/wp-json\/wp\/v2\/posts\/799","targetHints":{"allow":["GET"]}}],"collection":[{"href":"https:\/\/fotoratto.pl\/index.php\/wp-json\/wp\/v2\/posts"}],"about":[{"href":"https:\/\/fotoratto.pl\/index.php\/wp-json\/wp\/v2\/types\/post"}],"author":[{"embeddable":true,"href":"https:\/\/fotoratto.pl\/index.php\/wp-json\/wp\/v2\/users\/1"}],"replies":[{"embeddable":true,"href":"https:\/\/fotoratto.pl\/index.php\/wp-json\/wp\/v2\/comments?post=799"}],"version-history":[{"count":1,"href":"https:\/\/fotoratto.pl\/index.php\/wp-json\/wp\/v2\/posts\/799\/revisions"}],"predecessor-version":[{"id":801,"href":"https:\/\/fotoratto.pl\/index.php\/wp-json\/wp\/v2\/posts\/799\/revisions\/801"}],"wp:featuredmedia":[{"embeddable":true,"href":"https:\/\/fotoratto.pl\/index.php\/wp-json\/wp\/v2\/media\/800"}],"wp:attachment":[{"href":"https:\/\/fotoratto.pl\/index.php\/wp-json\/wp\/v2\/media?parent=799"}],"wp:term":[{"taxonomy":"category","embeddable":true,"href":"https:\/\/fotoratto.pl\/index.php\/wp-json\/wp\/v2\/categories?post=799"},{"taxonomy":"post_tag","embeddable":true,"href":"https:\/\/fotoratto.pl\/index.php\/wp-json\/wp\/v2\/tags?post=799"}],"curies":[{"name":"wp","href":"https:\/\/api.w.org\/{rel}","templated":true}]}}