{"id":87,"date":"2024-12-21T23:58:00","date_gmt":"2024-12-21T22:58:00","guid":{"rendered":"https:\/\/pipczyk-szczur.pl\/foto\/index.php\/2024\/12\/21\/37\/"},"modified":"2025-03-15T18:15:10","modified_gmt":"2025-03-15T17:15:10","slug":"37","status":"publish","type":"post","link":"https:\/\/fotoratto.pl\/index.php\/2024\/12\/21\/37\/","title":{"rendered":"37."},"content":{"rendered":"<p style=\"text-align: justify;\">W \u015bwi\u0119tej pami\u0119ci serwisie digart.pl niniejsze zdj\u0119cie zosta\u0142o usuni\u0119te przez moderatora, poniewa\u017c \u201enie by\u0142o wystarczaj\u0105co dobre\u201d. :) Min\u0119\u0142o kilkana\u015bcie lat, digart.pl od dawna nie istnieje, a moje zdj\u0119cie? Jest na moim dysku i wci\u0105\u017c si\u0119 nim dziel\u0119, otrzyma\u0142am pod nim sporo pozytywnych komentarzy. :) Tak\u017ce ten. :) A fotk\u0119 podpisywa\u0142am zwykle \u201eSamotno\u015b\u0107\u201d. Wi\u0105\u017ce si\u0119 z wa\u017cnym okresem w moim \u017cyciu.<\/p>\n<p><img loading=\"lazy\" decoding=\"async\" class=\"alignnone size-full wp-image-279\" src=\"https:\/\/pipczyk-szczur.pl\/foto\/wp-content\/uploads\/samotnosc-01.jpeg\" alt=\"\" width=\"640\" height=\"480\" srcset=\"https:\/\/fotoratto.pl\/wp-content\/uploads\/samotnosc-01.jpeg 640w, https:\/\/fotoratto.pl\/wp-content\/uploads\/samotnosc-01-300x225.jpeg 300w\" sizes=\"auto, (max-width: 640px) 100vw, 640px\" \/><\/p>\n<div style=\"clear: both; text-align: center;\"><\/div>\n","protected":false},"excerpt":{"rendered":"<p>W \u015bwi\u0119tej pami\u0119ci serwisie digart.pl niniejsze zdj\u0119cie zosta\u0142o usuni\u0119te przez moderatora, poniewa\u017c \u201enie by\u0142o wystarczaj\u0105co dobre\u201d. :) Min\u0119\u0142o kilkana\u015bcie lat, digart.pl od dawna nie istnieje, a moje zdj\u0119cie? Jest na moim dysku i wci\u0105\u017c si\u0119 nim dziel\u0119, otrzyma\u0142am pod nim sporo pozytywnych komentarzy. :) Tak\u017ce ten. :) A fotk\u0119 podpisywa\u0142am zwykle \u201eSamotno\u015b\u0107\u201d. Wi\u0105\u017ce si\u0119 z&#8230;<\/p>\n","protected":false},"author":1,"featured_media":279,"comment_status":"open","ping_status":"open","sticky":false,"template":"","format":"standard","meta":{"footnotes":""},"categories":[65],"tags":[103,75,85,102,82,83,77,92,78,79,86],"class_list":["post-87","post","type-post","status-publish","format-standard","has-post-thumbnail","hentry","category-zdjecia","tag-codziennosc","tag-fotografia","tag-gorny-slask","tag-jesien","tag-juz-nieistniejace","tag-kolorowe","tag-miejsca","tag-pamiec","tag-podroze-male-i-duze","tag-wspominki","tag-zabrze"],"_links":{"self":[{"href":"https:\/\/fotoratto.pl\/index.php\/wp-json\/wp\/v2\/posts\/87","targetHints":{"allow":["GET"]}}],"collection":[{"href":"https:\/\/fotoratto.pl\/index.php\/wp-json\/wp\/v2\/posts"}],"about":[{"href":"https:\/\/fotoratto.pl\/index.php\/wp-json\/wp\/v2\/types\/post"}],"author":[{"embeddable":true,"href":"https:\/\/fotoratto.pl\/index.php\/wp-json\/wp\/v2\/users\/1"}],"replies":[{"embeddable":true,"href":"https:\/\/fotoratto.pl\/index.php\/wp-json\/wp\/v2\/comments?post=87"}],"version-history":[{"count":1,"href":"https:\/\/fotoratto.pl\/index.php\/wp-json\/wp\/v2\/posts\/87\/revisions"}],"predecessor-version":[{"id":280,"href":"https:\/\/fotoratto.pl\/index.php\/wp-json\/wp\/v2\/posts\/87\/revisions\/280"}],"wp:featuredmedia":[{"embeddable":true,"href":"https:\/\/fotoratto.pl\/index.php\/wp-json\/wp\/v2\/media\/279"}],"wp:attachment":[{"href":"https:\/\/fotoratto.pl\/index.php\/wp-json\/wp\/v2\/media?parent=87"}],"wp:term":[{"taxonomy":"category","embeddable":true,"href":"https:\/\/fotoratto.pl\/index.php\/wp-json\/wp\/v2\/categories?post=87"},{"taxonomy":"post_tag","embeddable":true,"href":"https:\/\/fotoratto.pl\/index.php\/wp-json\/wp\/v2\/tags?post=87"}],"curies":[{"name":"wp","href":"https:\/\/api.w.org\/{rel}","templated":true}]}}