{"id":89,"date":"2024-12-16T22:15:00","date_gmt":"2024-12-16T21:15:00","guid":{"rendered":"https:\/\/pipczyk-szczur.pl\/foto\/index.php\/2024\/12\/16\/35\/"},"modified":"2025-03-15T18:11:54","modified_gmt":"2025-03-15T17:11:54","slug":"35","status":"publish","type":"post","link":"https:\/\/fotoratto.pl\/index.php\/2024\/12\/16\/35\/","title":{"rendered":"35."},"content":{"rendered":"<p style=\"text-align: justify;\">\u00a0Rok 2007, Ba\u0144ska Szczawnica na S\u0142owacji. Wyj\u0105tkowo dobre zdj\u0119cie, jak na moje \u00f3wczesne szeroko poj\u0119te mo\u017cliwo\u015bci. :)<\/p>\n<p><img loading=\"lazy\" decoding=\"async\" class=\"size-full wp-image-274\" src=\"https:\/\/pipczyk-szczur.pl\/foto\/wp-content\/uploads\/P1010032-01.jpeg\" alt=\"\" width=\"714\" height=\"965\" srcset=\"https:\/\/fotoratto.pl\/wp-content\/uploads\/P1010032-01.jpeg 714w, https:\/\/fotoratto.pl\/wp-content\/uploads\/P1010032-01-300x405.jpeg 300w\" sizes=\"auto, (max-width: 714px) 100vw, 714px\" \/><\/p>\n","protected":false},"excerpt":{"rendered":"<p>\u00a0Rok 2007, Ba\u0144ska Szczawnica na S\u0142owacji. Wyj\u0105tkowo dobre zdj\u0119cie, jak na moje \u00f3wczesne szeroko poj\u0119te mo\u017cliwo\u015bci. :)<\/p>\n","protected":false},"author":1,"featured_media":274,"comment_status":"open","ping_status":"open","sticky":false,"template":"","format":"standard","meta":{"footnotes":""},"categories":[65],"tags":[101,74,75,102,87,77,92,78,100,79,72,70],"class_list":["post-89","post","type-post","status-publish","format-standard","has-post-thumbnail","hentry","category-zdjecia","tag-banska-szczawnica","tag-czarnobiale","tag-fotografia","tag-jesien","tag-miasto","tag-miejsca","tag-pamiec","tag-podroze-male-i-duze","tag-slowacja","tag-wspominki","tag-zabytki","tag-zwiedzamy"],"_links":{"self":[{"href":"https:\/\/fotoratto.pl\/index.php\/wp-json\/wp\/v2\/posts\/89","targetHints":{"allow":["GET"]}}],"collection":[{"href":"https:\/\/fotoratto.pl\/index.php\/wp-json\/wp\/v2\/posts"}],"about":[{"href":"https:\/\/fotoratto.pl\/index.php\/wp-json\/wp\/v2\/types\/post"}],"author":[{"embeddable":true,"href":"https:\/\/fotoratto.pl\/index.php\/wp-json\/wp\/v2\/users\/1"}],"replies":[{"embeddable":true,"href":"https:\/\/fotoratto.pl\/index.php\/wp-json\/wp\/v2\/comments?post=89"}],"version-history":[{"count":2,"href":"https:\/\/fotoratto.pl\/index.php\/wp-json\/wp\/v2\/posts\/89\/revisions"}],"predecessor-version":[{"id":276,"href":"https:\/\/fotoratto.pl\/index.php\/wp-json\/wp\/v2\/posts\/89\/revisions\/276"}],"wp:featuredmedia":[{"embeddable":true,"href":"https:\/\/fotoratto.pl\/index.php\/wp-json\/wp\/v2\/media\/274"}],"wp:attachment":[{"href":"https:\/\/fotoratto.pl\/index.php\/wp-json\/wp\/v2\/media?parent=89"}],"wp:term":[{"taxonomy":"category","embeddable":true,"href":"https:\/\/fotoratto.pl\/index.php\/wp-json\/wp\/v2\/categories?post=89"},{"taxonomy":"post_tag","embeddable":true,"href":"https:\/\/fotoratto.pl\/index.php\/wp-json\/wp\/v2\/tags?post=89"}],"curies":[{"name":"wp","href":"https:\/\/api.w.org\/{rel}","templated":true}]}}