{"id":93,"date":"2024-12-02T13:44:00","date_gmt":"2024-12-02T12:44:00","guid":{"rendered":"https:\/\/pipczyk-szczur.pl\/foto\/index.php\/2024\/12\/02\/31\/"},"modified":"2025-03-15T18:07:07","modified_gmt":"2025-03-15T17:07:07","slug":"31","status":"publish","type":"post","link":"https:\/\/fotoratto.pl\/index.php\/2024\/12\/02\/31\/","title":{"rendered":"31."},"content":{"rendered":"<p><i>Tobie Ojczyzn\u0105 &#8211; transakcja gie\u0142dowa<\/i><\/p>\n<p><i>i worki m\u0105ki schowane po kryjomu,<\/i><\/p>\n<p><i>a mnie Ojczyzn\u0105 &#8211; komora gazowa<\/i><\/p>\n<p><i>i o\u015bwi\u0119cimski p\u0142omie\u0144.<\/i><\/p>\n<p>&#8211; Tadeusz Borowski, &#8220;Dwie ojczyzny&#8221;<\/p>\n<p><img loading=\"lazy\" decoding=\"async\" class=\"alignnone size-full wp-image-246\" src=\"https:\/\/pipczyk-szczur.pl\/foto\/wp-content\/uploads\/DSC00418-01-02.jpeg\" alt=\"\" width=\"1000\" height=\"712\" srcset=\"https:\/\/fotoratto.pl\/wp-content\/uploads\/DSC00418-01-02.jpeg 1000w, https:\/\/fotoratto.pl\/wp-content\/uploads\/DSC00418-01-02-768x547.jpeg 768w, https:\/\/fotoratto.pl\/wp-content\/uploads\/DSC00418-01-02-300x214.jpeg 300w, https:\/\/fotoratto.pl\/wp-content\/uploads\/DSC00418-01-02-850x605.jpeg 850w\" sizes=\"auto, (max-width: 1000px) 100vw, 1000px\" \/><\/p>\n","protected":false},"excerpt":{"rendered":"<p>Tobie Ojczyzn\u0105 &#8211; transakcja gie\u0142dowa i worki m\u0105ki schowane po kryjomu, a mnie Ojczyzn\u0105 &#8211; komora gazowa i o\u015bwi\u0119cimski p\u0142omie\u0144. &#8211; Tadeusz Borowski, &#8220;Dwie ojczyzny&#8221;<\/p>\n","protected":false},"author":1,"featured_media":246,"comment_status":"open","ping_status":"open","sticky":false,"template":"","format":"standard","meta":{"footnotes":""},"categories":[65],"tags":[90,91,93,83,77,99,92,78,68,72,89,70],"class_list":["post-93","post","type-post","status-publish","format-standard","has-post-thumbnail","hentry","category-zdjecia","tag-auschwitz","tag-auschwitz-birkenau","tag-holocaust","tag-kolorowe","tag-miejsca","tag-niebo","tag-pamiec","tag-podroze-male-i-duze","tag-polska","tag-zabytki","tag-zima","tag-zwiedzamy"],"_links":{"self":[{"href":"https:\/\/fotoratto.pl\/index.php\/wp-json\/wp\/v2\/posts\/93","targetHints":{"allow":["GET"]}}],"collection":[{"href":"https:\/\/fotoratto.pl\/index.php\/wp-json\/wp\/v2\/posts"}],"about":[{"href":"https:\/\/fotoratto.pl\/index.php\/wp-json\/wp\/v2\/types\/post"}],"author":[{"embeddable":true,"href":"https:\/\/fotoratto.pl\/index.php\/wp-json\/wp\/v2\/users\/1"}],"replies":[{"embeddable":true,"href":"https:\/\/fotoratto.pl\/index.php\/wp-json\/wp\/v2\/comments?post=93"}],"version-history":[{"count":2,"href":"https:\/\/fotoratto.pl\/index.php\/wp-json\/wp\/v2\/posts\/93\/revisions"}],"predecessor-version":[{"id":270,"href":"https:\/\/fotoratto.pl\/index.php\/wp-json\/wp\/v2\/posts\/93\/revisions\/270"}],"wp:featuredmedia":[{"embeddable":true,"href":"https:\/\/fotoratto.pl\/index.php\/wp-json\/wp\/v2\/media\/246"}],"wp:attachment":[{"href":"https:\/\/fotoratto.pl\/index.php\/wp-json\/wp\/v2\/media?parent=93"}],"wp:term":[{"taxonomy":"category","embeddable":true,"href":"https:\/\/fotoratto.pl\/index.php\/wp-json\/wp\/v2\/categories?post=93"},{"taxonomy":"post_tag","embeddable":true,"href":"https:\/\/fotoratto.pl\/index.php\/wp-json\/wp\/v2\/tags?post=93"}],"curies":[{"name":"wp","href":"https:\/\/api.w.org\/{rel}","templated":true}]}}