{"id":938,"date":"2026-08-15T12:15:57","date_gmt":"2026-08-15T10:15:57","guid":{"rendered":"https:\/\/pipczyk-szczur.pl\/foto\/?p=938"},"modified":"2026-08-16T12:28:20","modified_gmt":"2026-08-16T10:28:20","slug":"215","status":"publish","type":"post","link":"https:\/\/fotoratto.pl\/index.php\/2026\/08\/15\/215\/","title":{"rendered":"215."},"content":{"rendered":"<p style=\"text-align: justify;\">Rzadko dodaj\u0119 jakie\u015b opisy do zdj\u0119\u0107, ale to ma ciekaw\u0105 histori\u0119. Zrobi\u0142am je w 2010 roku, podczas kilkudniowego wolontariatu w Muzeum Auschwitz. Tak d\u0142ugo szuka\u0142am odpowiedniego kadru, \u017ce uciek\u0142 mi autobus, kt\u00f3rym mia\u0142am jecha\u0107 na dworzec (bo to by\u0142 ostatni dzie\u0144 mojego pobytu). :)<br \/>\nP\u00f3\u017aniej r\u00f3wnie\u017c by\u0142a zabawna historia, bo po opublikowaniu fotki w serwisie DeviantArt pewien kole\u015b (zna\u0142am go z forum o grach) rozp\u0142yn\u0105\u0142 si\u0119 z zachwytu i zacz\u0105\u0142 pisa\u0107, \u017ce na pewno mam jak\u0105\u015b wypasion\u0105 lustrzank\u0119 z obiektywem za milion z\u0142otych, \u017ce &#8220;takie makro&#8221; i w og\u00f3le. Po tym, jak napisa\u0142am mu, \u017ce fotografuj\u0119 \u015bredniej klasy kompaktem, typ przesta\u0142 si\u0119 ze mn\u0105 kontaktowa\u0107. :) Co sobie pomy\u015bla\u0142 &#8211; kt\u00f3\u017c to wie, tak czy srak zdj\u0119cie zosta\u0142o zrobione Olympusem C-740UZ (kt\u00f3ry ju\u017c wtedy by\u0142 nieco sfatygowany).<\/p>\n<p style=\"text-align: justify;\"><img loading=\"lazy\" decoding=\"async\" class=\"alignnone size-full wp-image-939\" src=\"https:\/\/pipczyk-szczur.pl\/foto\/wp-content\/uploads\/2096.jpg\" alt=\"\" width=\"700\" height=\"380\" srcset=\"https:\/\/fotoratto.pl\/wp-content\/uploads\/2096.jpg 700w, https:\/\/fotoratto.pl\/wp-content\/uploads\/2096-300x163.jpg 300w\" sizes=\"auto, (max-width: 700px) 100vw, 700px\" \/><\/p>\n","protected":false},"excerpt":{"rendered":"<p>Rzadko dodaj\u0119 jakie\u015b opisy do zdj\u0119\u0107, ale to ma ciekaw\u0105 histori\u0119. Zrobi\u0142am je w 2010 roku, podczas kilkudniowego wolontariatu w Muzeum Auschwitz. Tak d\u0142ugo szuka\u0142am odpowiedniego kadru, \u017ce uciek\u0142 mi autobus, kt\u00f3rym mia\u0142am jecha\u0107 na dworzec (bo to by\u0142 ostatni dzie\u0144 mojego pobytu). :) P\u00f3\u017aniej r\u00f3wnie\u017c by\u0142a zabawna historia, bo po opublikowaniu fotki w serwisie&#8230;<\/p>\n","protected":false},"author":1,"featured_media":939,"comment_status":"open","ping_status":"open","sticky":false,"template":"","format":"standard","meta":{"footnotes":""},"categories":[65],"tags":[90,74,98,75,77,92,78,96,113,79,72,70],"class_list":["post-938","post","type-post","status-publish","format-standard","has-post-thumbnail","hentry","category-zdjecia","tag-auschwitz","tag-czarnobiale","tag-detal","tag-fotografia","tag-miejsca","tag-pamiec","tag-podroze-male-i-duze","tag-sztuka","tag-wiosna","tag-wspominki","tag-zabytki","tag-zwiedzamy"],"_links":{"self":[{"href":"https:\/\/fotoratto.pl\/index.php\/wp-json\/wp\/v2\/posts\/938","targetHints":{"allow":["GET"]}}],"collection":[{"href":"https:\/\/fotoratto.pl\/index.php\/wp-json\/wp\/v2\/posts"}],"about":[{"href":"https:\/\/fotoratto.pl\/index.php\/wp-json\/wp\/v2\/types\/post"}],"author":[{"embeddable":true,"href":"https:\/\/fotoratto.pl\/index.php\/wp-json\/wp\/v2\/users\/1"}],"replies":[{"embeddable":true,"href":"https:\/\/fotoratto.pl\/index.php\/wp-json\/wp\/v2\/comments?post=938"}],"version-history":[{"count":2,"href":"https:\/\/fotoratto.pl\/index.php\/wp-json\/wp\/v2\/posts\/938\/revisions"}],"predecessor-version":[{"id":941,"href":"https:\/\/fotoratto.pl\/index.php\/wp-json\/wp\/v2\/posts\/938\/revisions\/941"}],"wp:featuredmedia":[{"embeddable":true,"href":"https:\/\/fotoratto.pl\/index.php\/wp-json\/wp\/v2\/media\/939"}],"wp:attachment":[{"href":"https:\/\/fotoratto.pl\/index.php\/wp-json\/wp\/v2\/media?parent=938"}],"wp:term":[{"taxonomy":"category","embeddable":true,"href":"https:\/\/fotoratto.pl\/index.php\/wp-json\/wp\/v2\/categories?post=938"},{"taxonomy":"post_tag","embeddable":true,"href":"https:\/\/fotoratto.pl\/index.php\/wp-json\/wp\/v2\/tags?post=938"}],"curies":[{"name":"wp","href":"https:\/\/api.w.org\/{rel}","templated":true}]}}