{"id":98,"date":"2024-11-22T22:49:00","date_gmt":"2024-11-22T21:49:00","guid":{"rendered":"https:\/\/pipczyk-szczur.pl\/foto\/index.php\/2024\/11\/22\/26\/"},"modified":"2025-03-03T16:43:36","modified_gmt":"2025-03-03T15:43:36","slug":"26","status":"publish","type":"post","link":"https:\/\/fotoratto.pl\/index.php\/2024\/11\/22\/26\/","title":{"rendered":"26."},"content":{"rendered":"<p>Go\u0142\u0105b z Cieszyna, kt\u00f3ry \u0142adnie zapozowa\u0142. :) 2016?<\/p>\n<p><img loading=\"lazy\" decoding=\"async\" class=\"size-full wp-image-235\" src=\"https:\/\/pipczyk-szczur.pl\/foto\/wp-content\/uploads\/P2150003-01.jpeg\" alt=\"\" width=\"1920\" height=\"2454\" srcset=\"https:\/\/fotoratto.pl\/wp-content\/uploads\/P2150003-01.jpeg 1920w, https:\/\/fotoratto.pl\/wp-content\/uploads\/P2150003-01-1565x2000.jpeg 1565w, https:\/\/fotoratto.pl\/wp-content\/uploads\/P2150003-01-1174x1500.jpeg 1174w, https:\/\/fotoratto.pl\/wp-content\/uploads\/P2150003-01-768x982.jpeg 768w, https:\/\/fotoratto.pl\/wp-content\/uploads\/P2150003-01-1202x1536.jpeg 1202w, https:\/\/fotoratto.pl\/wp-content\/uploads\/P2150003-01-1602x2048.jpeg 1602w, https:\/\/fotoratto.pl\/wp-content\/uploads\/P2150003-01-300x383.jpeg 300w, https:\/\/fotoratto.pl\/wp-content\/uploads\/P2150003-01-850x1086.jpeg 850w\" sizes=\"auto, (max-width: 1920px) 100vw, 1920px\" \/><\/p>\n","protected":false},"excerpt":{"rendered":"<p>Go\u0142\u0105b z Cieszyna, kt\u00f3ry \u0142adnie zapozowa\u0142. :) 2016?<\/p>\n","protected":false},"author":1,"featured_media":235,"comment_status":"open","ping_status":"open","sticky":false,"template":"","format":"standard","meta":{"footnotes":""},"categories":[65],"tags":[115,98,75,114,83,73,87,77,78,68,70],"class_list":["post-98","post","type-post","status-publish","format-standard","has-post-thumbnail","hentry","category-zdjecia","tag-cieszyn","tag-detal","tag-fotografia","tag-golab","tag-kolorowe","tag-lato","tag-miasto","tag-miejsca","tag-podroze-male-i-duze","tag-polska","tag-zwiedzamy"],"_links":{"self":[{"href":"https:\/\/fotoratto.pl\/index.php\/wp-json\/wp\/v2\/posts\/98","targetHints":{"allow":["GET"]}}],"collection":[{"href":"https:\/\/fotoratto.pl\/index.php\/wp-json\/wp\/v2\/posts"}],"about":[{"href":"https:\/\/fotoratto.pl\/index.php\/wp-json\/wp\/v2\/types\/post"}],"author":[{"embeddable":true,"href":"https:\/\/fotoratto.pl\/index.php\/wp-json\/wp\/v2\/users\/1"}],"replies":[{"embeddable":true,"href":"https:\/\/fotoratto.pl\/index.php\/wp-json\/wp\/v2\/comments?post=98"}],"version-history":[{"count":2,"href":"https:\/\/fotoratto.pl\/index.php\/wp-json\/wp\/v2\/posts\/98\/revisions"}],"predecessor-version":[{"id":266,"href":"https:\/\/fotoratto.pl\/index.php\/wp-json\/wp\/v2\/posts\/98\/revisions\/266"}],"wp:featuredmedia":[{"embeddable":true,"href":"https:\/\/fotoratto.pl\/index.php\/wp-json\/wp\/v2\/media\/235"}],"wp:attachment":[{"href":"https:\/\/fotoratto.pl\/index.php\/wp-json\/wp\/v2\/media?parent=98"}],"wp:term":[{"taxonomy":"category","embeddable":true,"href":"https:\/\/fotoratto.pl\/index.php\/wp-json\/wp\/v2\/categories?post=98"},{"taxonomy":"post_tag","embeddable":true,"href":"https:\/\/fotoratto.pl\/index.php\/wp-json\/wp\/v2\/tags?post=98"}],"curies":[{"name":"wp","href":"https:\/\/api.w.org\/{rel}","templated":true}]}}